{"id":5239,"date":"2023-10-06T16:25:57","date_gmt":"2023-10-06T14:25:57","guid":{"rendered":"http:\/\/www.lyceecharlescoulomb.fr\/site\/?p=5239"},"modified":"2023-10-06T16:25:57","modified_gmt":"2023-10-06T14:25:57","slug":"rencontre-jeudi-05-octobre-avec-m-tremblay-venant-du-quebec-dans-loptique-dun-partenariat-avec-notre-lycee","status":"publish","type":"post","link":"http:\/\/www.lyceecharlescoulomb.fr\/site\/?p=5239","title":{"rendered":"Rencontre jeudi 05 octobre avec M. TREMBLAY, venant du Qu\u00e9bec, dans l\u2019optique d\u2019un partenariat avec notre lyc\u00e9e"},"content":{"rendered":"<p style=\"text-align: center;\">Ce jeudi 5 octobre, l\u2019\u00e9quipe Erasmus + du Lyc\u00e9e professionnel a eu le plaisir d\u2019accueillir L\u00e9o-Marc Tremblay,<br \/>\ndu Centre de Formation Professionnelle Jonqui\u00e8re au Qu\u00e9bec ainsi que Mme Dulac, du comit\u00e9 de jumelage d\u2019Angoul\u00eame. Ce fut l\u2019occasion d\u2019\u00e9changer avec l\u2019\u00e9quipe de direction sur un futur partenariat entre nos \u00e9tablissements (autour de la d\u00e9couverte d&rsquo;une saveur r\u00e9gionale, le broyer du Poitou, merci \u00e0 l\u2019\u00e9quipe de cuisine).<br \/>\nUne visite des ateliers des diff\u00e9rentes formations du LP a \u00e9t\u00e9 organis\u00e9e ainsi qu&rsquo;une pr\u00e9sentation du CFP aux \u00e9l\u00e8ves de 1<sup>\u00e8re<\/sup> professionnelle. Le projet est d\u2019envoyer 2 \u00e9l\u00e8ves en novembre 2024 pour effectuer une immersion dans le centre de formation Qu\u00e9b\u00e9cois et ainsi envisager une formation ou des \u00e9tudes post-bac par la suite.<br \/>\nLes \u00e9quipes des 2 pays vont continuer \u00e0 travailler \u00e0 distance pour finaliser le montage du projet.<\/p>\n<table style=\"border-collapse: collapse; width: 100%; height: 1394px;\" border=\"1\">\n<tbody>\n<tr style=\"height: 306px;\">\n<td style=\"width: 50%; height: 306px;\"><img decoding=\"async\" src=\"http:\/\/www.lyceecharlescoulomb.fr\/site\/wp-content\/uploads\/2023\/10\/IMG_4600.jpg\" \/><\/td>\n<td style=\"width: 50%; height: 306px;\"><img decoding=\"async\" src=\"http:\/\/www.lyceecharlescoulomb.fr\/site\/wp-content\/uploads\/2023\/10\/IMG_1136.jpg\" \/><\/td>\n<\/tr>\n<tr style=\"height: 545px;\">\n<td style=\"width: 50%; height: 545px;\"><img decoding=\"async\" src=\"http:\/\/www.lyceecharlescoulomb.fr\/site\/wp-content\/uploads\/2023\/10\/IMG_1128-rotated.jpg\" \/><\/td>\n<td style=\"width: 50%; height: 545px;\"><img decoding=\"async\" src=\"http:\/\/www.lyceecharlescoulomb.fr\/site\/wp-content\/uploads\/2023\/10\/IMG_1131-rotated.jpg\" \/><\/td>\n<\/tr>\n<tr style=\"height: 543px;\">\n<td style=\"width: 50%; height: 543px;\"><img decoding=\"async\" src=\"http:\/\/www.lyceecharlescoulomb.fr\/site\/wp-content\/uploads\/2023\/10\/IMG_1132-rotated.jpg\" \/><\/td>\n<td style=\"width: 50%; height: 543px;\"><img decoding=\"async\" src=\"http:\/\/www.lyceecharlescoulomb.fr\/site\/wp-content\/uploads\/2023\/10\/IMG_1126.jpg\" \/><\/td>\n<\/tr>\n<\/tbody>\n<\/table>\n","protected":false},"excerpt":{"rendered":"<p>Ce jeudi 5 octobre, l\u2019\u00e9quipe Erasmus + du Lyc\u00e9e professionnel a eu le plaisir d\u2019accueillir L\u00e9o-Marc Tremblay, du Centre de Formation Professionnelle Jonqui\u00e8re au Qu\u00e9bec ainsi que Mme Dulac, du [&hellip;]<\/p>\n","protected":false},"author":8,"featured_media":0,"comment_status":"closed","ping_status":"open","sticky":false,"template":"","format":"standard","meta":{"ocean_post_layout":"","ocean_both_sidebars_style":"","ocean_both_sidebars_content_width":0,"ocean_both_sidebars_sidebars_width":0,"ocean_sidebar":"","ocean_second_sidebar":"","ocean_disable_margins":"enable","ocean_add_body_class":"","ocean_shortcode_before_top_bar":"","ocean_shortcode_after_top_bar":"","ocean_shortcode_before_header":"","ocean_shortcode_after_header":"","ocean_has_shortcode":"","ocean_shortcode_after_title":"","ocean_shortcode_before_footer_widgets":"","ocean_shortcode_after_footer_widgets":"","ocean_shortcode_before_footer_bottom":"","ocean_shortcode_after_footer_bottom":"","ocean_display_top_bar":"default","ocean_display_header":"default","ocean_header_style":"","ocean_center_header_left_menu":"","ocean_custom_header_template":"","ocean_custom_logo":0,"ocean_custom_retina_logo":0,"ocean_custom_logo_max_width":0,"ocean_custom_logo_tablet_max_width":0,"ocean_custom_logo_mobile_max_width":0,"ocean_custom_logo_max_height":0,"ocean_custom_logo_tablet_max_height":0,"ocean_custom_logo_mobile_max_height":0,"ocean_header_custom_menu":"","ocean_menu_typo_font_family":"","ocean_menu_typo_font_subset":"","ocean_menu_typo_font_size":0,"ocean_menu_typo_font_size_tablet":0,"ocean_menu_typo_font_size_mobile":0,"ocean_menu_typo_font_size_unit":"px","ocean_menu_typo_font_weight":"","ocean_menu_typo_font_weight_tablet":"","ocean_menu_typo_font_weight_mobile":"","ocean_menu_typo_transform":"","ocean_menu_typo_transform_tablet":"","ocean_menu_typo_transform_mobile":"","ocean_menu_typo_line_height":0,"ocean_menu_typo_line_height_tablet":0,"ocean_menu_typo_line_height_mobile":0,"ocean_menu_typo_line_height_unit":"","ocean_menu_typo_spacing":0,"ocean_menu_typo_spacing_tablet":0,"ocean_menu_typo_spacing_mobile":0,"ocean_menu_typo_spacing_unit":"","ocean_menu_link_color":"","ocean_menu_link_color_hover":"","ocean_menu_link_color_active":"","ocean_menu_link_background":"","ocean_menu_link_hover_background":"","ocean_menu_link_active_background":"","ocean_menu_social_links_bg":"","ocean_menu_social_hover_links_bg":"","ocean_menu_social_links_color":"","ocean_menu_social_hover_links_color":"","ocean_disable_title":"default","ocean_disable_heading":"default","ocean_post_title":"","ocean_post_subheading":"","ocean_post_title_style":"","ocean_post_title_background_color":"","ocean_post_title_background":0,"ocean_post_title_bg_image_position":"","ocean_post_title_bg_image_attachment":"","ocean_post_title_bg_image_repeat":"","ocean_post_title_bg_image_size":"","ocean_post_title_height":0,"ocean_post_title_bg_overlay":0.5,"ocean_post_title_bg_overlay_color":"","ocean_disable_breadcrumbs":"default","ocean_breadcrumbs_color":"","ocean_breadcrumbs_separator_color":"","ocean_breadcrumbs_links_color":"","ocean_breadcrumbs_links_hover_color":"","ocean_display_footer_widgets":"default","ocean_display_footer_bottom":"default","ocean_custom_footer_template":"","ocean_post_oembed":"","ocean_post_self_hosted_media":"","ocean_post_video_embed":"","ocean_link_format":"","ocean_link_format_target":"self","ocean_quote_format":"","ocean_quote_format_link":"post","ocean_gallery_link_images":"on","ocean_gallery_id":[],"footnotes":""},"categories":[37],"tags":[],"class_list":["post-5239","post","type-post","status-publish","format-standard","hentry","category-actualites-du-lycee","entry"],"_links":{"self":[{"href":"http:\/\/www.lyceecharlescoulomb.fr\/site\/index.php?rest_route=\/wp\/v2\/posts\/5239","targetHints":{"allow":["GET"]}}],"collection":[{"href":"http:\/\/www.lyceecharlescoulomb.fr\/site\/index.php?rest_route=\/wp\/v2\/posts"}],"about":[{"href":"http:\/\/www.lyceecharlescoulomb.fr\/site\/index.php?rest_route=\/wp\/v2\/types\/post"}],"author":[{"embeddable":true,"href":"http:\/\/www.lyceecharlescoulomb.fr\/site\/index.php?rest_route=\/wp\/v2\/users\/8"}],"replies":[{"embeddable":true,"href":"http:\/\/www.lyceecharlescoulomb.fr\/site\/index.php?rest_route=%2Fwp%2Fv2%2Fcomments&post=5239"}],"version-history":[{"count":2,"href":"http:\/\/www.lyceecharlescoulomb.fr\/site\/index.php?rest_route=\/wp\/v2\/posts\/5239\/revisions"}],"predecessor-version":[{"id":5241,"href":"http:\/\/www.lyceecharlescoulomb.fr\/site\/index.php?rest_route=\/wp\/v2\/posts\/5239\/revisions\/5241"}],"wp:attachment":[{"href":"http:\/\/www.lyceecharlescoulomb.fr\/site\/index.php?rest_route=%2Fwp%2Fv2%2Fmedia&parent=5239"}],"wp:term":[{"taxonomy":"category","embeddable":true,"href":"http:\/\/www.lyceecharlescoulomb.fr\/site\/index.php?rest_route=%2Fwp%2Fv2%2Fcategories&post=5239"},{"taxonomy":"post_tag","embeddable":true,"href":"http:\/\/www.lyceecharlescoulomb.fr\/site\/index.php?rest_route=%2Fwp%2Fv2%2Ftags&post=5239"}],"curies":[{"name":"wp","href":"https:\/\/api.w.org\/{rel}","templated":true}]}}