{"id":5423,"date":"2024-01-30T16:53:02","date_gmt":"2024-01-30T15:53:02","guid":{"rendered":"http:\/\/www.lyceecharlescoulomb.fr\/site\/?p=5423"},"modified":"2024-10-01T15:09:37","modified_gmt":"2024-10-01T13:09:37","slug":"semaine-internationale-au-lycee-du-22-au-26-janvier-2024","status":"publish","type":"post","link":"http:\/\/www.lyceecharlescoulomb.fr\/site\/?p=5423","title":{"rendered":"Semaine internationale au lyc\u00e9e du 22 au 26 janvier 2024"},"content":{"rendered":"<p>&nbsp;<\/p>\n<p><strong>lundi 22 janvier<\/strong> : journ\u00e9e franco-allemande , avec exposition au restaurant\u00a0 scolaire et annonce en allemand au micro des CPE.<\/p>\n<ul style=\"list-style-type: disc;\">\n<li>Merci \u00e0\u00a0 Berta GROTE en Service Civique culturel Franco\/Allemand pour ses belles affiches\u00a0\u00a0 &#8211; avec le concours de l&rsquo;association Tera Maison de l&rsquo;Europe<\/li>\n<li>Et merci \u00e0 M. Hue, professeur en lyc\u00e9e professionnel, engag\u00e9 dans le dispositif PROTANDEM avec l\u2019Allemagne, pour ses photos relatives au mur de Berlin.<\/li>\n<\/ul>\n<p>Berta est revenue <strong>jeudi 25 janvier<\/strong>, accompagn\u00e9e de Pablo TIMON (Corps Europ\u00e9en de Solidarit\u00e9 &#8211; Espagne), pour un \u00e9change avec les jeunes du Club Europe.<\/p>\n<p>Le Lyc\u00e9e a accueilli <strong>vendredi 26 janvier<\/strong> Monsieur Beno\u00eet BITEAU<strong> ,<\/strong> <strong>eurod\u00e9put\u00e9<\/strong>, pour une rencontre avec des lyc\u00e9ens autour de l&rsquo;Europe. Merci aux enseignantes et enseignants qui ont contribu\u00e9 \u00e0 la qualit\u00e9 des \u00e9changes, remarqu\u00e9e ; ainsi qu\u2019\u00e0 Europe Direct des Charentes, repr\u00e9sentation en France de la Commission Europ\u00e9enne, pour son soutien logistique. Et f\u00e9licitations aux lyc\u00e9ens et lyc\u00e9ennes pour leur implication.<\/p>\n<table style=\"border-collapse: collapse; width: 100%;\" border=\"1\">\n<tbody>\n<tr>\n<td style=\"width: 50%;\"><img decoding=\"async\" src=\"http:\/\/www.lyceecharlescoulomb.fr\/site\/wp-content\/uploads\/2024\/01\/20240124_134122-scaled.jpg\" \/><\/td>\n<td style=\"width: 50%;\"><img decoding=\"async\" src=\"http:\/\/www.lyceecharlescoulomb.fr\/site\/wp-content\/uploads\/2024\/01\/20240124_125015-scaled.jpg\" \/><\/td>\n<\/tr>\n<tr>\n<td style=\"width: 50%;\"><img decoding=\"async\" src=\"http:\/\/www.lyceecharlescoulomb.fr\/site\/wp-content\/uploads\/2024\/01\/20240124_134105-scaled.jpg\" \/><\/td>\n<td style=\"width: 50%;\"><img decoding=\"async\" src=\"http:\/\/www.lyceecharlescoulomb.fr\/site\/wp-content\/uploads\/2024\/01\/20240125_130211-scaled.jpg\" \/><\/td>\n<\/tr>\n<tr>\n<td style=\"width: 50%;\"><img decoding=\"async\" src=\"http:\/\/www.lyceecharlescoulomb.fr\/site\/wp-content\/uploads\/2024\/01\/20240125_130916-scaled.jpg\" \/><\/td>\n<td style=\"width: 50%;\"><img decoding=\"async\" src=\"http:\/\/www.lyceecharlescoulomb.fr\/site\/wp-content\/uploads\/2024\/01\/20240125_131050-scaled.jpg\" \/><\/td>\n<\/tr>\n<tr>\n<td style=\"width: 50%;\"><img decoding=\"async\" src=\"http:\/\/www.lyceecharlescoulomb.fr\/site\/wp-content\/uploads\/2024\/01\/20240126_103114-scaled.jpg\" \/><\/td>\n<td style=\"width: 50%;\"><img decoding=\"async\" src=\"http:\/\/www.lyceecharlescoulomb.fr\/site\/wp-content\/uploads\/2024\/01\/20240126_1031371-scaled.jpg\" \/><\/td>\n<\/tr>\n<\/tbody>\n<\/table>\n<p>&nbsp;<\/p>\n<p>&nbsp;<\/p>\n","protected":false},"excerpt":{"rendered":"<p>&nbsp; lundi 22 janvier : journ\u00e9e franco-allemande , avec exposition au restaurant\u00a0 scolaire et annonce en allemand au micro des CPE. Merci \u00e0\u00a0 Berta GROTE en Service Civique culturel Franco\/Allemand [&hellip;]<\/p>\n","protected":false},"author":8,"featured_media":0,"comment_status":"closed","ping_status":"open","sticky":false,"template":"","format":"standard","meta":{"ocean_post_layout":"","ocean_both_sidebars_style":"","ocean_both_sidebars_content_width":0,"ocean_both_sidebars_sidebars_width":0,"ocean_sidebar":"","ocean_second_sidebar":"","ocean_disable_margins":"enable","ocean_add_body_class":"","ocean_shortcode_before_top_bar":"","ocean_shortcode_after_top_bar":"","ocean_shortcode_before_header":"","ocean_shortcode_after_header":"","ocean_has_shortcode":"","ocean_shortcode_after_title":"","ocean_shortcode_before_footer_widgets":"","ocean_shortcode_after_footer_widgets":"","ocean_shortcode_before_footer_bottom":"","ocean_shortcode_after_footer_bottom":"","ocean_display_top_bar":"default","ocean_display_header":"default","ocean_header_style":"","ocean_center_header_left_menu":"","ocean_custom_header_template":"","ocean_custom_logo":0,"ocean_custom_retina_logo":0,"ocean_custom_logo_max_width":0,"ocean_custom_logo_tablet_max_width":0,"ocean_custom_logo_mobile_max_width":0,"ocean_custom_logo_max_height":0,"ocean_custom_logo_tablet_max_height":0,"ocean_custom_logo_mobile_max_height":0,"ocean_header_custom_menu":"","ocean_menu_typo_font_family":"","ocean_menu_typo_font_subset":"","ocean_menu_typo_font_size":0,"ocean_menu_typo_font_size_tablet":0,"ocean_menu_typo_font_size_mobile":0,"ocean_menu_typo_font_size_unit":"px","ocean_menu_typo_font_weight":"","ocean_menu_typo_font_weight_tablet":"","ocean_menu_typo_font_weight_mobile":"","ocean_menu_typo_transform":"","ocean_menu_typo_transform_tablet":"","ocean_menu_typo_transform_mobile":"","ocean_menu_typo_line_height":0,"ocean_menu_typo_line_height_tablet":0,"ocean_menu_typo_line_height_mobile":0,"ocean_menu_typo_line_height_unit":"","ocean_menu_typo_spacing":0,"ocean_menu_typo_spacing_tablet":0,"ocean_menu_typo_spacing_mobile":0,"ocean_menu_typo_spacing_unit":"","ocean_menu_link_color":"","ocean_menu_link_color_hover":"","ocean_menu_link_color_active":"","ocean_menu_link_background":"","ocean_menu_link_hover_background":"","ocean_menu_link_active_background":"","ocean_menu_social_links_bg":"","ocean_menu_social_hover_links_bg":"","ocean_menu_social_links_color":"","ocean_menu_social_hover_links_color":"","ocean_disable_title":"default","ocean_disable_heading":"default","ocean_post_title":"","ocean_post_subheading":"","ocean_post_title_style":"","ocean_post_title_background_color":"","ocean_post_title_background":0,"ocean_post_title_bg_image_position":"","ocean_post_title_bg_image_attachment":"","ocean_post_title_bg_image_repeat":"","ocean_post_title_bg_image_size":"","ocean_post_title_height":0,"ocean_post_title_bg_overlay":0.5,"ocean_post_title_bg_overlay_color":"","ocean_disable_breadcrumbs":"default","ocean_breadcrumbs_color":"","ocean_breadcrumbs_separator_color":"","ocean_breadcrumbs_links_color":"","ocean_breadcrumbs_links_hover_color":"","ocean_display_footer_widgets":"default","ocean_display_footer_bottom":"default","ocean_custom_footer_template":"","ocean_post_oembed":"","ocean_post_self_hosted_media":"","ocean_post_video_embed":"","ocean_link_format":"","ocean_link_format_target":"self","ocean_quote_format":"","ocean_quote_format_link":"post","ocean_gallery_link_images":"off","ocean_gallery_id":[],"footnotes":""},"categories":[37,66],"tags":[],"class_list":["post-5423","post","type-post","status-publish","format-standard","hentry","category-actualites-du-lycee","category-internationales","entry"],"_links":{"self":[{"href":"http:\/\/www.lyceecharlescoulomb.fr\/site\/index.php?rest_route=\/wp\/v2\/posts\/5423","targetHints":{"allow":["GET"]}}],"collection":[{"href":"http:\/\/www.lyceecharlescoulomb.fr\/site\/index.php?rest_route=\/wp\/v2\/posts"}],"about":[{"href":"http:\/\/www.lyceecharlescoulomb.fr\/site\/index.php?rest_route=\/wp\/v2\/types\/post"}],"author":[{"embeddable":true,"href":"http:\/\/www.lyceecharlescoulomb.fr\/site\/index.php?rest_route=\/wp\/v2\/users\/8"}],"replies":[{"embeddable":true,"href":"http:\/\/www.lyceecharlescoulomb.fr\/site\/index.php?rest_route=%2Fwp%2Fv2%2Fcomments&post=5423"}],"version-history":[{"count":7,"href":"http:\/\/www.lyceecharlescoulomb.fr\/site\/index.php?rest_route=\/wp\/v2\/posts\/5423\/revisions"}],"predecessor-version":[{"id":6035,"href":"http:\/\/www.lyceecharlescoulomb.fr\/site\/index.php?rest_route=\/wp\/v2\/posts\/5423\/revisions\/6035"}],"wp:attachment":[{"href":"http:\/\/www.lyceecharlescoulomb.fr\/site\/index.php?rest_route=%2Fwp%2Fv2%2Fmedia&parent=5423"}],"wp:term":[{"taxonomy":"category","embeddable":true,"href":"http:\/\/www.lyceecharlescoulomb.fr\/site\/index.php?rest_route=%2Fwp%2Fv2%2Fcategories&post=5423"},{"taxonomy":"post_tag","embeddable":true,"href":"http:\/\/www.lyceecharlescoulomb.fr\/site\/index.php?rest_route=%2Fwp%2Fv2%2Ftags&post=5423"}],"curies":[{"name":"wp","href":"https:\/\/api.w.org\/{rel}","templated":true}]}}