{"id":6036,"date":"2024-10-04T08:58:59","date_gmt":"2024-10-04T06:58:59","guid":{"rendered":"http:\/\/www.lyceecharlescoulomb.fr\/site\/?p=6036"},"modified":"2024-10-04T08:59:37","modified_gmt":"2024-10-04T06:59:37","slug":"cafe-philosophique-au-lycee-cdi-du-lycee-coulomb","status":"publish","type":"post","link":"http:\/\/www.lyceecharlescoulomb.fr\/site\/?p=6036","title":{"rendered":"\u00ab\u00a0Caf\u00e9 Philosophique\u00a0\u00bb au CDI du lyc\u00e9e COULOMB"},"content":{"rendered":"<p>La premi\u00e8re s\u00e9ance\u00a0 \u00ab\u00a0Notre identit\u00e9 d\u00e9pend-elle des autres ?\u00a0\u00bb\u00a0\u00a0du <strong>caf\u00e9-philo <\/strong>s&rsquo;est d\u00e9roul\u00e9e\u00a0\u00a0le mardi 24 septembre, de 12h30 \u00e0 13h, au CDI en pr\u00e9sence de quelques \u00e9l\u00e8ves.<\/p>\n<p>\u200bLe caf\u00e9-philo est un groupe de discussion convivial, libre,\u00a0<strong>destin\u00e9 \u00e0 toutes et \u00e0 tous les \u00e9l\u00e8ves\/ \u00e9tudiant(e)s de l&rsquo;\u00e9tablissement<\/strong>, quel que soit leur niveau, leur fili\u00e8re ou leur classe. Aucune connaissance pr\u00e9alable n&rsquo;est requise.<br \/>\nSi vous souhaitez nous rejoindre, venez le <strong>mardi 15 octobre<\/strong> de <strong>12h30 \u00e0 13h<\/strong> avec un gobelet si possible.\u200b<br \/>\nLa probl\u00e9matique, choisie par les \u00e9l\u00e8ves qui ont assist\u00e9 au dernier caf\u00e9, sera diffus\u00e9e prochainement par l&rsquo;ENT.<\/p>\n<p>\u200b\u200bM. Gombin , Professeur de Philosophie et Mme Schock Giacomotto, Professeure Documentaliste<\/p>\n<p>\u200b<em>PS : En photo une s\u00e9lection d&rsquo;ouvrages en lien pour certains avec le premier sujet<\/em><\/p>\n<p><img decoding=\"async\" src=\"http:\/\/www.lyceecharlescoulomb.fr\/site\/wp-content\/uploads\/2024\/10\/cafe-philo-scaled.jpg\" \/><\/p>\n","protected":false},"excerpt":{"rendered":"<p>La premi\u00e8re s\u00e9ance\u00a0 \u00ab\u00a0Notre identit\u00e9 d\u00e9pend-elle des autres ?\u00a0\u00bb\u00a0\u00a0du caf\u00e9-philo s&rsquo;est d\u00e9roul\u00e9e\u00a0\u00a0le mardi 24 septembre, de 12h30 \u00e0 13h, au CDI en pr\u00e9sence de quelques \u00e9l\u00e8ves. \u200bLe caf\u00e9-philo est un [&hellip;]<\/p>\n","protected":false},"author":8,"featured_media":0,"comment_status":"closed","ping_status":"open","sticky":false,"template":"","format":"standard","meta":{"ocean_post_layout":"","ocean_both_sidebars_style":"","ocean_both_sidebars_content_width":0,"ocean_both_sidebars_sidebars_width":0,"ocean_sidebar":"","ocean_second_sidebar":"","ocean_disable_margins":"enable","ocean_add_body_class":"","ocean_shortcode_before_top_bar":"","ocean_shortcode_after_top_bar":"","ocean_shortcode_before_header":"","ocean_shortcode_after_header":"","ocean_has_shortcode":"","ocean_shortcode_after_title":"","ocean_shortcode_before_footer_widgets":"","ocean_shortcode_after_footer_widgets":"","ocean_shortcode_before_footer_bottom":"","ocean_shortcode_after_footer_bottom":"","ocean_display_top_bar":"default","ocean_display_header":"default","ocean_header_style":"","ocean_center_header_left_menu":"","ocean_custom_header_template":"","ocean_custom_logo":0,"ocean_custom_retina_logo":0,"ocean_custom_logo_max_width":0,"ocean_custom_logo_tablet_max_width":0,"ocean_custom_logo_mobile_max_width":0,"ocean_custom_logo_max_height":0,"ocean_custom_logo_tablet_max_height":0,"ocean_custom_logo_mobile_max_height":0,"ocean_header_custom_menu":"","ocean_menu_typo_font_family":"","ocean_menu_typo_font_subset":"","ocean_menu_typo_font_size":0,"ocean_menu_typo_font_size_tablet":0,"ocean_menu_typo_font_size_mobile":0,"ocean_menu_typo_font_size_unit":"px","ocean_menu_typo_font_weight":"","ocean_menu_typo_font_weight_tablet":"","ocean_menu_typo_font_weight_mobile":"","ocean_menu_typo_transform":"","ocean_menu_typo_transform_tablet":"","ocean_menu_typo_transform_mobile":"","ocean_menu_typo_line_height":0,"ocean_menu_typo_line_height_tablet":0,"ocean_menu_typo_line_height_mobile":0,"ocean_menu_typo_line_height_unit":"","ocean_menu_typo_spacing":0,"ocean_menu_typo_spacing_tablet":0,"ocean_menu_typo_spacing_mobile":0,"ocean_menu_typo_spacing_unit":"","ocean_menu_link_color":"","ocean_menu_link_color_hover":"","ocean_menu_link_color_active":"","ocean_menu_link_background":"","ocean_menu_link_hover_background":"","ocean_menu_link_active_background":"","ocean_menu_social_links_bg":"","ocean_menu_social_hover_links_bg":"","ocean_menu_social_links_color":"","ocean_menu_social_hover_links_color":"","ocean_disable_title":"default","ocean_disable_heading":"default","ocean_post_title":"","ocean_post_subheading":"","ocean_post_title_style":"","ocean_post_title_background_color":"","ocean_post_title_background":0,"ocean_post_title_bg_image_position":"","ocean_post_title_bg_image_attachment":"","ocean_post_title_bg_image_repeat":"","ocean_post_title_bg_image_size":"","ocean_post_title_height":0,"ocean_post_title_bg_overlay":0.5,"ocean_post_title_bg_overlay_color":"","ocean_disable_breadcrumbs":"default","ocean_breadcrumbs_color":"","ocean_breadcrumbs_separator_color":"","ocean_breadcrumbs_links_color":"","ocean_breadcrumbs_links_hover_color":"","ocean_display_footer_widgets":"default","ocean_display_footer_bottom":"default","ocean_custom_footer_template":"","ocean_post_oembed":"","ocean_post_self_hosted_media":"","ocean_post_video_embed":"","ocean_link_format":"","ocean_link_format_target":"self","ocean_quote_format":"","ocean_quote_format_link":"post","ocean_gallery_link_images":"on","ocean_gallery_id":[],"footnotes":""},"categories":[41],"tags":[],"class_list":["post-6036","post","type-post","status-publish","format-standard","hentry","category-culturelles","entry"],"_links":{"self":[{"href":"http:\/\/www.lyceecharlescoulomb.fr\/site\/index.php?rest_route=\/wp\/v2\/posts\/6036","targetHints":{"allow":["GET"]}}],"collection":[{"href":"http:\/\/www.lyceecharlescoulomb.fr\/site\/index.php?rest_route=\/wp\/v2\/posts"}],"about":[{"href":"http:\/\/www.lyceecharlescoulomb.fr\/site\/index.php?rest_route=\/wp\/v2\/types\/post"}],"author":[{"embeddable":true,"href":"http:\/\/www.lyceecharlescoulomb.fr\/site\/index.php?rest_route=\/wp\/v2\/users\/8"}],"replies":[{"embeddable":true,"href":"http:\/\/www.lyceecharlescoulomb.fr\/site\/index.php?rest_route=%2Fwp%2Fv2%2Fcomments&post=6036"}],"version-history":[{"count":2,"href":"http:\/\/www.lyceecharlescoulomb.fr\/site\/index.php?rest_route=\/wp\/v2\/posts\/6036\/revisions"}],"predecessor-version":[{"id":6039,"href":"http:\/\/www.lyceecharlescoulomb.fr\/site\/index.php?rest_route=\/wp\/v2\/posts\/6036\/revisions\/6039"}],"wp:attachment":[{"href":"http:\/\/www.lyceecharlescoulomb.fr\/site\/index.php?rest_route=%2Fwp%2Fv2%2Fmedia&parent=6036"}],"wp:term":[{"taxonomy":"category","embeddable":true,"href":"http:\/\/www.lyceecharlescoulomb.fr\/site\/index.php?rest_route=%2Fwp%2Fv2%2Fcategories&post=6036"},{"taxonomy":"post_tag","embeddable":true,"href":"http:\/\/www.lyceecharlescoulomb.fr\/site\/index.php?rest_route=%2Fwp%2Fv2%2Ftags&post=6036"}],"curies":[{"name":"wp","href":"https:\/\/api.w.org\/{rel}","templated":true}]}}