{"id":6225,"date":"2025-02-20T14:29:02","date_gmt":"2025-02-20T13:29:02","guid":{"rendered":"http:\/\/www.lyceecharlescoulomb.fr\/site\/?p=6225"},"modified":"2025-02-20T14:29:02","modified_gmt":"2025-02-20T13:29:02","slug":"concours-de-bande-dessinee-autour-de-la-guerre-civile-espagnole","status":"publish","type":"post","link":"http:\/\/www.lyceecharlescoulomb.fr\/site\/?p=6225","title":{"rendered":"Concours de bande dessin\u00e9e autour de la guerre civile espagnole"},"content":{"rendered":"<p><em>Mardi 28 janvier s&rsquo;est d\u00e9roul\u00e9 en salle vid\u00e9o du foyer, la remise des prix du concours de bande dessin\u00e9e autour de la guerre civile espagnole avec les classes de premi\u00e8re STD2A et le groupe d&rsquo;espagnol de premi\u00e8re g\u00e9n\u00e9rale 5-6, suite au travail men\u00e9 avec les \u00e9l\u00e8ves en collaboration avec leurs professeurs Mme Scaillierez Laetitia,<br \/>\nM. Chevalier Arnaud et M. Menguy Jean-Marie.<\/em><\/p>\n<p><em>L&rsquo;\u00e9v\u00e8nement a \u00e9t\u00e9 marqu\u00e9 par la conf\u00e9rence de deux auteurs espagnols invit\u00e9s pour l\u2019occasion : Antonio Altarriba et Alfonso Zapico.<br \/>\n<\/em><em><strong>Quatre prix ont \u00e9t\u00e9 d\u00e9cern\u00e9s<\/strong> : meilleur sc\u00e9nario, meilleur graphisme, prix coup de coeur et prix de l&rsquo;Association des Espagnols de Charente, \u00a0qui \u00e9tait \u00e9galement pr\u00e9sente\u00a0 pour remettre ce prix sp\u00e9cial \u00e0 un des groupes de laur\u00e9ats. <\/em><\/p>\n<p><em>L&rsquo;apr\u00e8s-mid s&rsquo;est clotur\u00e9e avec le spectacle autour de l&rsquo;exil r\u00e9alis\u00e9 par Didir Lazaro. <\/em><\/p>\n<p><em>Nous remercions tous les participants pour leur implication et leur enthousiasme en esp\u00e9rant r\u00e9it\u00e9rer le projet l&rsquo;ann\u00e9e prochaine. <\/em><\/p>\n<table style=\"border-collapse: collapse; width: 100%;\" border=\"1\">\n<tbody>\n<tr>\n<td style=\"width: 50%;\"><img decoding=\"async\" src=\"http:\/\/www.lyceecharlescoulomb.fr\/site\/wp-content\/uploads\/2025\/02\/guitare-floutee.jpg\" \/><\/td>\n<td style=\"width: 50%;\"><img decoding=\"async\" src=\"http:\/\/www.lyceecharlescoulomb.fr\/site\/wp-content\/uploads\/2025\/02\/remise-prix-floutee.jpg\" \/><\/td>\n<\/tr>\n<tr>\n<td style=\"width: 50%;\"><img decoding=\"async\" src=\"http:\/\/www.lyceecharlescoulomb.fr\/site\/wp-content\/uploads\/2025\/02\/20250204_093535-scaled.jpg\" \/><\/td>\n<td style=\"width: 50%;\"><img decoding=\"async\" src=\"http:\/\/www.lyceecharlescoulomb.fr\/site\/wp-content\/uploads\/2025\/02\/20250204_093316-scaled.jpg\" \/><\/td>\n<\/tr>\n<tr>\n<td style=\"width: 50%;\"><img decoding=\"async\" src=\"http:\/\/www.lyceecharlescoulomb.fr\/site\/wp-content\/uploads\/2025\/02\/20250204_093000-scaled.jpg\" \/><\/td>\n<td style=\"width: 50%;\"><img decoding=\"async\" src=\"http:\/\/www.lyceecharlescoulomb.fr\/site\/wp-content\/uploads\/2025\/02\/20250204_092939-scaled.jpg\" \/><\/td>\n<\/tr>\n<tr>\n<td style=\"width: 50%;\"><img decoding=\"async\" src=\"http:\/\/www.lyceecharlescoulomb.fr\/site\/wp-content\/uploads\/2025\/02\/20250128_135304-scaled.jpg\" \/><\/td>\n<td style=\"width: 50%;\"><img decoding=\"async\" src=\"http:\/\/www.lyceecharlescoulomb.fr\/site\/wp-content\/uploads\/2025\/02\/20250128_135251-scaled.jpg\" \/><\/td>\n<\/tr>\n<tr>\n<td style=\"width: 50%;\"><img decoding=\"async\" src=\"http:\/\/www.lyceecharlescoulomb.fr\/site\/wp-content\/uploads\/2025\/02\/20250128_135239-scaled.jpg\" \/><\/td>\n<td style=\"width: 50%;\"><img decoding=\"async\" src=\"http:\/\/www.lyceecharlescoulomb.fr\/site\/wp-content\/uploads\/2025\/02\/20250128_135230-scaled.jpg\" \/><\/td>\n<\/tr>\n<tr>\n<td style=\"width: 50%;\"><img decoding=\"async\" src=\"http:\/\/www.lyceecharlescoulomb.fr\/site\/wp-content\/uploads\/2025\/02\/20250128_135218-scaled.jpg\" \/><\/td>\n<td style=\"width: 50%;\"><img decoding=\"async\" src=\"http:\/\/www.lyceecharlescoulomb.fr\/site\/wp-content\/uploads\/2025\/02\/20250128_135130-scaled.jpg\" \/><\/td>\n<\/tr>\n<tr>\n<td style=\"width: 50%;\"><img decoding=\"async\" src=\"http:\/\/www.lyceecharlescoulomb.fr\/site\/wp-content\/uploads\/2025\/02\/20250128_135114-scaled.jpg\" \/><\/td>\n<td style=\"width: 50%;\"><\/td>\n<\/tr>\n<\/tbody>\n<\/table>\n","protected":false},"excerpt":{"rendered":"<p>Mardi 28 janvier s&rsquo;est d\u00e9roul\u00e9 en salle vid\u00e9o du foyer, la remise des prix du concours de bande dessin\u00e9e autour de la guerre civile espagnole avec les classes de premi\u00e8re [&hellip;]<\/p>\n","protected":false},"author":8,"featured_media":0,"comment_status":"closed","ping_status":"open","sticky":false,"template":"","format":"standard","meta":{"ocean_post_layout":"","ocean_both_sidebars_style":"","ocean_both_sidebars_content_width":0,"ocean_both_sidebars_sidebars_width":0,"ocean_sidebar":"","ocean_second_sidebar":"","ocean_disable_margins":"enable","ocean_add_body_class":"","ocean_shortcode_before_top_bar":"","ocean_shortcode_after_top_bar":"","ocean_shortcode_before_header":"","ocean_shortcode_after_header":"","ocean_has_shortcode":"","ocean_shortcode_after_title":"","ocean_shortcode_before_footer_widgets":"","ocean_shortcode_after_footer_widgets":"","ocean_shortcode_before_footer_bottom":"","ocean_shortcode_after_footer_bottom":"","ocean_display_top_bar":"default","ocean_display_header":"default","ocean_header_style":"","ocean_center_header_left_menu":"","ocean_custom_header_template":"","ocean_custom_logo":0,"ocean_custom_retina_logo":0,"ocean_custom_logo_max_width":0,"ocean_custom_logo_tablet_max_width":0,"ocean_custom_logo_mobile_max_width":0,"ocean_custom_logo_max_height":0,"ocean_custom_logo_tablet_max_height":0,"ocean_custom_logo_mobile_max_height":0,"ocean_header_custom_menu":"","ocean_menu_typo_font_family":"","ocean_menu_typo_font_subset":"","ocean_menu_typo_font_size":0,"ocean_menu_typo_font_size_tablet":0,"ocean_menu_typo_font_size_mobile":0,"ocean_menu_typo_font_size_unit":"px","ocean_menu_typo_font_weight":"","ocean_menu_typo_font_weight_tablet":"","ocean_menu_typo_font_weight_mobile":"","ocean_menu_typo_transform":"","ocean_menu_typo_transform_tablet":"","ocean_menu_typo_transform_mobile":"","ocean_menu_typo_line_height":0,"ocean_menu_typo_line_height_tablet":0,"ocean_menu_typo_line_height_mobile":0,"ocean_menu_typo_line_height_unit":"","ocean_menu_typo_spacing":0,"ocean_menu_typo_spacing_tablet":0,"ocean_menu_typo_spacing_mobile":0,"ocean_menu_typo_spacing_unit":"","ocean_menu_link_color":"","ocean_menu_link_color_hover":"","ocean_menu_link_color_active":"","ocean_menu_link_background":"","ocean_menu_link_hover_background":"","ocean_menu_link_active_background":"","ocean_menu_social_links_bg":"","ocean_menu_social_hover_links_bg":"","ocean_menu_social_links_color":"","ocean_menu_social_hover_links_color":"","ocean_disable_title":"default","ocean_disable_heading":"default","ocean_post_title":"","ocean_post_subheading":"","ocean_post_title_style":"","ocean_post_title_background_color":"","ocean_post_title_background":0,"ocean_post_title_bg_image_position":"","ocean_post_title_bg_image_attachment":"","ocean_post_title_bg_image_repeat":"","ocean_post_title_bg_image_size":"","ocean_post_title_height":0,"ocean_post_title_bg_overlay":0.5,"ocean_post_title_bg_overlay_color":"","ocean_disable_breadcrumbs":"default","ocean_breadcrumbs_color":"","ocean_breadcrumbs_separator_color":"","ocean_breadcrumbs_links_color":"","ocean_breadcrumbs_links_hover_color":"","ocean_display_footer_widgets":"default","ocean_display_footer_bottom":"default","ocean_custom_footer_template":"","ocean_post_oembed":"","ocean_post_self_hosted_media":"","ocean_post_video_embed":"","ocean_link_format":"","ocean_link_format_target":"self","ocean_quote_format":"","ocean_quote_format_link":"post","ocean_gallery_link_images":"on","ocean_gallery_id":[],"footnotes":""},"categories":[37,41],"tags":[],"class_list":["post-6225","post","type-post","status-publish","format-standard","hentry","category-actualites-du-lycee","category-culturelles","entry"],"_links":{"self":[{"href":"http:\/\/www.lyceecharlescoulomb.fr\/site\/index.php?rest_route=\/wp\/v2\/posts\/6225","targetHints":{"allow":["GET"]}}],"collection":[{"href":"http:\/\/www.lyceecharlescoulomb.fr\/site\/index.php?rest_route=\/wp\/v2\/posts"}],"about":[{"href":"http:\/\/www.lyceecharlescoulomb.fr\/site\/index.php?rest_route=\/wp\/v2\/types\/post"}],"author":[{"embeddable":true,"href":"http:\/\/www.lyceecharlescoulomb.fr\/site\/index.php?rest_route=\/wp\/v2\/users\/8"}],"replies":[{"embeddable":true,"href":"http:\/\/www.lyceecharlescoulomb.fr\/site\/index.php?rest_route=%2Fwp%2Fv2%2Fcomments&post=6225"}],"version-history":[{"count":1,"href":"http:\/\/www.lyceecharlescoulomb.fr\/site\/index.php?rest_route=\/wp\/v2\/posts\/6225\/revisions"}],"predecessor-version":[{"id":6239,"href":"http:\/\/www.lyceecharlescoulomb.fr\/site\/index.php?rest_route=\/wp\/v2\/posts\/6225\/revisions\/6239"}],"wp:attachment":[{"href":"http:\/\/www.lyceecharlescoulomb.fr\/site\/index.php?rest_route=%2Fwp%2Fv2%2Fmedia&parent=6225"}],"wp:term":[{"taxonomy":"category","embeddable":true,"href":"http:\/\/www.lyceecharlescoulomb.fr\/site\/index.php?rest_route=%2Fwp%2Fv2%2Fcategories&post=6225"},{"taxonomy":"post_tag","embeddable":true,"href":"http:\/\/www.lyceecharlescoulomb.fr\/site\/index.php?rest_route=%2Fwp%2Fv2%2Ftags&post=6225"}],"curies":[{"name":"wp","href":"https:\/\/api.w.org\/{rel}","templated":true}]}}