{"id":6398,"date":"2025-12-08T21:05:44","date_gmt":"2025-12-08T20:05:44","guid":{"rendered":"https:\/\/www.lyceecharlescoulomb.fr\/site\/?p=6398"},"modified":"2025-12-08T21:05:44","modified_gmt":"2025-12-08T20:05:44","slug":"les-lyceens-regardent-vers-les-etoiles","status":"publish","type":"post","link":"http:\/\/www.lyceecharlescoulomb.fr\/site\/?p=6398","title":{"rendered":"Les lyc\u00e9ens regardent vers les \u00e9toiles\u2026"},"content":{"rendered":"<p>Les 22 et 23 septembre 2025, le lyc\u00e9e a une nouvelle fois accueilli Beno\u00eet REEVES, fils du c\u00e9l\u00e8bre astrophysicien Hubert REEVES. Celui qui se d\u00e9finit comme \u00ab un m\u00e9diateur scientifique sp\u00e9cialis\u00e9 dans les domaines de l\u2019astronomie et de l\u2019\u00e9cologie \u00bb a poursuivi sa mission de vulgarisation et de sensibilisation en donnant une conf\u00e9rence le 22 septembre sur les \u00e9clipses totales ; apr\u00e8s en avoir donn\u00e9 une d\u00e9finition, il a notamment expliqu\u00e9 au public qu\u2019il aurait la chance d\u2019assister \u00e0 trois \u00e9clipses visibles d\u2019ici 2028.<br \/>\nL\u2019observation au t\u00e9lescope pr\u00e9vue a d\u00fb \u00eatre annul\u00e9e \u00e0 cause de la m\u00e9t\u00e9o d\u00e9favorable.<\/p>\n<p>Le lendemain, 270 \u00e9l\u00e8ves de 1\u00e8re du lyc\u00e9e ont assist\u00e9 \u00e0 une conf\u00e9rence qui a d\u00e9but\u00e9 par une vid\u00e9o de Hubert Reeves, \u00ab Astronomie et \u00e9cologie \u00bb qui reprenait l\u2019histoire de l\u2019humanit\u00e9. M. Reeves a ensuite apport\u00e9 son expertise professionnelle sur la situation actuelle, puis de nombreuses questions ont clos cette intervention.<\/p>\n<p>Tous nos remerciements vont \u00e0 M. BAERT, professeur de physique-chimie et \u00e0 Mme LECROART, professeur de SVT, qui organisent et assurent la gestion mat\u00e9rielle de la venue de M. REEVES \u00e0 Angoul\u00eame.<\/p>\n","protected":false},"excerpt":{"rendered":"<p>Les 22 et 23 septembre 2025, le lyc\u00e9e a une nouvelle fois accueilli Beno\u00eet REEVES, fils du c\u00e9l\u00e8bre astrophysicien Hubert REEVES. Celui qui se d\u00e9finit comme \u00ab un m\u00e9diateur scientifique [&hellip;]<\/p>\n","protected":false},"author":1,"featured_media":6399,"comment_status":"closed","ping_status":"open","sticky":false,"template":"","format":"standard","meta":{"ocean_post_layout":"","ocean_both_sidebars_style":"","ocean_both_sidebars_content_width":0,"ocean_both_sidebars_sidebars_width":0,"ocean_sidebar":"0","ocean_second_sidebar":"0","ocean_disable_margins":"enable","ocean_add_body_class":"","ocean_shortcode_before_top_bar":"","ocean_shortcode_after_top_bar":"","ocean_shortcode_before_header":"","ocean_shortcode_after_header":"","ocean_has_shortcode":"","ocean_shortcode_after_title":"","ocean_shortcode_before_footer_widgets":"","ocean_shortcode_after_footer_widgets":"","ocean_shortcode_before_footer_bottom":"","ocean_shortcode_after_footer_bottom":"","ocean_display_top_bar":"default","ocean_display_header":"default","ocean_header_style":"","ocean_center_header_left_menu":"0","ocean_custom_header_template":"0","ocean_custom_logo":0,"ocean_custom_retina_logo":0,"ocean_custom_logo_max_width":0,"ocean_custom_logo_tablet_max_width":0,"ocean_custom_logo_mobile_max_width":0,"ocean_custom_logo_max_height":0,"ocean_custom_logo_tablet_max_height":0,"ocean_custom_logo_mobile_max_height":0,"ocean_header_custom_menu":"0","ocean_menu_typo_font_family":"0","ocean_menu_typo_font_subset":"","ocean_menu_typo_font_size":0,"ocean_menu_typo_font_size_tablet":0,"ocean_menu_typo_font_size_mobile":0,"ocean_menu_typo_font_size_unit":"px","ocean_menu_typo_font_weight":"","ocean_menu_typo_font_weight_tablet":"","ocean_menu_typo_font_weight_mobile":"","ocean_menu_typo_transform":"","ocean_menu_typo_transform_tablet":"","ocean_menu_typo_transform_mobile":"","ocean_menu_typo_line_height":0,"ocean_menu_typo_line_height_tablet":0,"ocean_menu_typo_line_height_mobile":0,"ocean_menu_typo_line_height_unit":"","ocean_menu_typo_spacing":0,"ocean_menu_typo_spacing_tablet":0,"ocean_menu_typo_spacing_mobile":0,"ocean_menu_typo_spacing_unit":"","ocean_menu_link_color":"","ocean_menu_link_color_hover":"","ocean_menu_link_color_active":"","ocean_menu_link_background":"","ocean_menu_link_hover_background":"","ocean_menu_link_active_background":"","ocean_menu_social_links_bg":"","ocean_menu_social_hover_links_bg":"","ocean_menu_social_links_color":"","ocean_menu_social_hover_links_color":"","ocean_disable_title":"default","ocean_disable_heading":"default","ocean_post_title":"","ocean_post_subheading":"","ocean_post_title_style":"","ocean_post_title_background_color":"","ocean_post_title_background":0,"ocean_post_title_bg_image_position":"","ocean_post_title_bg_image_attachment":"","ocean_post_title_bg_image_repeat":"","ocean_post_title_bg_image_size":"","ocean_post_title_height":0,"ocean_post_title_bg_overlay":0.5,"ocean_post_title_bg_overlay_color":"","ocean_disable_breadcrumbs":"default","ocean_breadcrumbs_color":"","ocean_breadcrumbs_separator_color":"","ocean_breadcrumbs_links_color":"","ocean_breadcrumbs_links_hover_color":"","ocean_display_footer_widgets":"default","ocean_display_footer_bottom":"default","ocean_custom_footer_template":"0","ocean_post_oembed":"","ocean_post_self_hosted_media":"","ocean_post_video_embed":"","ocean_link_format":"","ocean_link_format_target":"self","ocean_quote_format":"","ocean_quote_format_link":"post","ocean_gallery_link_images":"on","ocean_gallery_id":[],"footnotes":""},"categories":[37],"tags":[],"class_list":["post-6398","post","type-post","status-publish","format-standard","has-post-thumbnail","hentry","category-actualites-du-lycee","entry","has-media"],"_links":{"self":[{"href":"http:\/\/www.lyceecharlescoulomb.fr\/site\/index.php?rest_route=\/wp\/v2\/posts\/6398","targetHints":{"allow":["GET"]}}],"collection":[{"href":"http:\/\/www.lyceecharlescoulomb.fr\/site\/index.php?rest_route=\/wp\/v2\/posts"}],"about":[{"href":"http:\/\/www.lyceecharlescoulomb.fr\/site\/index.php?rest_route=\/wp\/v2\/types\/post"}],"author":[{"embeddable":true,"href":"http:\/\/www.lyceecharlescoulomb.fr\/site\/index.php?rest_route=\/wp\/v2\/users\/1"}],"replies":[{"embeddable":true,"href":"http:\/\/www.lyceecharlescoulomb.fr\/site\/index.php?rest_route=%2Fwp%2Fv2%2Fcomments&post=6398"}],"version-history":[{"count":1,"href":"http:\/\/www.lyceecharlescoulomb.fr\/site\/index.php?rest_route=\/wp\/v2\/posts\/6398\/revisions"}],"predecessor-version":[{"id":6400,"href":"http:\/\/www.lyceecharlescoulomb.fr\/site\/index.php?rest_route=\/wp\/v2\/posts\/6398\/revisions\/6400"}],"wp:featuredmedia":[{"embeddable":true,"href":"http:\/\/www.lyceecharlescoulomb.fr\/site\/index.php?rest_route=\/wp\/v2\/media\/6399"}],"wp:attachment":[{"href":"http:\/\/www.lyceecharlescoulomb.fr\/site\/index.php?rest_route=%2Fwp%2Fv2%2Fmedia&parent=6398"}],"wp:term":[{"taxonomy":"category","embeddable":true,"href":"http:\/\/www.lyceecharlescoulomb.fr\/site\/index.php?rest_route=%2Fwp%2Fv2%2Fcategories&post=6398"},{"taxonomy":"post_tag","embeddable":true,"href":"http:\/\/www.lyceecharlescoulomb.fr\/site\/index.php?rest_route=%2Fwp%2Fv2%2Ftags&post=6398"}],"curies":[{"name":"wp","href":"https:\/\/api.w.org\/{rel}","templated":true}]}}