{"id":6281,"date":"2025-04-11T11:51:43","date_gmt":"2025-04-11T09:51:43","guid":{"rendered":"http:\/\/www.lyceecharlescoulomb.fr\/site\/?p=6281"},"modified":"2025-04-11T11:51:43","modified_gmt":"2025-04-11T09:51:43","slug":"rencontre-ambassadeurs-metiers","status":"publish","type":"post","link":"https:\/\/www.lyceecharlescoulomb.fr\/site\/?p=6281","title":{"rendered":"RENCONTRE AMBASSADEURS METIERS"},"content":{"rendered":"<p>En 3\u00e8me pr\u00e9pa m\u00e9tiers on ne sait pas toujours vers quelle formation se diriger. La R\u00e9gion Nouvelle-Aquitaine propose un dispositif qui permet aux familles, \u00e0 un \u00e9l\u00e8ve ou \u00e0 un groupe classe de prendre un rendez-vous en visio avec un Ambassadeur m\u00e9tiers b\u00e9n\u00e9vole qui expliquera son parcours, les comp\u00e9tences demand\u00e9es, la r\u00e9mun\u00e9ration, les horaires, les \u00e9volutions de carri\u00e8re et pour finir si le m\u00e9tier est en tension. Pour le groupe classe, l\u2019ambassadeur peut venir en pr\u00e9sentiel s\u2019il n\u2019est pas trop \u00e9loign\u00e9 de l\u2019\u00e9tablissement scolaire. Ils sont 1400 Ambassadeurs inscrits sur la plateforme R\u00e9gionale.<br \/>\nD\u2019apr\u00e8s un sondage aupr\u00e8s des \u00e9l\u00e8ves de 3\u00e8me, les familles des m\u00e9tiers qui les int\u00e9ressent le plus sont\u00a0: armurerie \/coutellerie, m\u00e9tiers de bouche et BTP. En pr\u00e9sence de MM. Pavan et Carlier, enseignants, de Mme Martinot, CPE, de Victor Kerriguy du service Orientation et de Mehdi Luzarraga et Claire Maltat, R\u00e9f\u00e9rents jeunesse du service Animation territoriale de la R\u00e9gion Nouvelle-Aquitaine, les \u00e9l\u00e8ves ont pu rencontrer Karine Lairain, Conseill\u00e8re en gestion d\u2019entreprise et Alexis Chapeleau, Chef adjoint de l\u2019h\u00f4tel 4 \u00e9toiles La Nauve de Cognac. Ce dernier, durant son ann\u00e9e de 3\u00e8me pr\u00e9pa m\u00e9tiers, a r\u00e9alis\u00e9 un stage en restauration scolaire, qui lui a donn\u00e9 envie de poursuivre. Ayant gravi les \u00e9chelons en quelques ann\u00e9es il est aujourd\u2019hui responsable du restaurant Brasserie et du restaurant Gastronomique et g\u00e8re une douzaine de collaborateurs. Chaque groupe a \u00e9cout\u00e9 attentivement l\u2019Ambassadeur qu\u2019il souhaitait rencontrer, puis est venu le moment des questions qui ont \u00e9t\u00e9 tr\u00e8s nombreuses. Esp\u00e9rons que ces rencontres vont susciter \u00e0 leur tour des vocations.<\/p>\n<table>\n<tbody>\n<tr>\n<td><a href=\"http:\/\/www.lyceecharlescoulomb.fr\/site\/wp-content\/uploads\/2025\/04\/logo_lycee.png\"><img fetchpriority=\"high\" decoding=\"async\" class=\"aligncenter size-large wp-image-6279\" src=\"http:\/\/www.lyceecharlescoulomb.fr\/site\/wp-content\/uploads\/2025\/04\/logo_lycee-1024x883.png\" alt=\"\" width=\"1024\" height=\"883\" srcset=\"https:\/\/www.lyceecharlescoulomb.fr\/site\/wp-content\/uploads\/2025\/04\/logo_lycee-1024x883.png 1024w, https:\/\/www.lyceecharlescoulomb.fr\/site\/wp-content\/uploads\/2025\/04\/logo_lycee-300x259.png 300w, https:\/\/www.lyceecharlescoulomb.fr\/site\/wp-content\/uploads\/2025\/04\/logo_lycee-768x662.png 768w, https:\/\/www.lyceecharlescoulomb.fr\/site\/wp-content\/uploads\/2025\/04\/logo_lycee.png 1152w\" sizes=\"(max-width: 1024px) 100vw, 1024px\" \/><\/a><\/td>\n<td><a href=\"http:\/\/www.lyceecharlescoulomb.fr\/site\/wp-content\/uploads\/2025\/04\/logo_region.png\"><img decoding=\"async\" class=\"aligncenter size-large wp-image-6278\" src=\"http:\/\/www.lyceecharlescoulomb.fr\/site\/wp-content\/uploads\/2025\/04\/logo_region-1024x501.png\" alt=\"\" width=\"1024\" height=\"501\" srcset=\"https:\/\/www.lyceecharlescoulomb.fr\/site\/wp-content\/uploads\/2025\/04\/logo_region-1024x501.png 1024w, https:\/\/www.lyceecharlescoulomb.fr\/site\/wp-content\/uploads\/2025\/04\/logo_region-300x147.png 300w, https:\/\/www.lyceecharlescoulomb.fr\/site\/wp-content\/uploads\/2025\/04\/logo_region-768x375.png 768w, https:\/\/www.lyceecharlescoulomb.fr\/site\/wp-content\/uploads\/2025\/04\/logo_region-1536x751.png 1536w, https:\/\/www.lyceecharlescoulomb.fr\/site\/wp-content\/uploads\/2025\/04\/logo_region.png 1559w\" sizes=\"(max-width: 1024px) 100vw, 1024px\" \/><\/a><\/td>\n<\/tr>\n<\/tbody>\n<\/table>\n","protected":false},"excerpt":{"rendered":"<p>En 3\u00e8me pr\u00e9pa m\u00e9tiers on ne sait pas toujours vers quelle formation se diriger. La R\u00e9gion Nouvelle-Aquitaine propose un dispositif qui permet aux familles, \u00e0 un \u00e9l\u00e8ve ou \u00e0 un [&hellip;]<\/p>\n","protected":false},"author":1,"featured_media":0,"comment_status":"closed","ping_status":"open","sticky":false,"template":"","format":"standard","meta":{"ocean_post_layout":"","ocean_both_sidebars_style":"","ocean_both_sidebars_content_width":0,"ocean_both_sidebars_sidebars_width":0,"ocean_sidebar":"0","ocean_second_sidebar":"0","ocean_disable_margins":"enable","ocean_add_body_class":"","ocean_shortcode_before_top_bar":"","ocean_shortcode_after_top_bar":"","ocean_shortcode_before_header":"","ocean_shortcode_after_header":"","ocean_has_shortcode":"","ocean_shortcode_after_title":"","ocean_shortcode_before_footer_widgets":"","ocean_shortcode_after_footer_widgets":"","ocean_shortcode_before_footer_bottom":"","ocean_shortcode_after_footer_bottom":"","ocean_display_top_bar":"default","ocean_display_header":"default","ocean_header_style":"","ocean_center_header_left_menu":"0","ocean_custom_header_template":"0","ocean_custom_logo":0,"ocean_custom_retina_logo":0,"ocean_custom_logo_max_width":0,"ocean_custom_logo_tablet_max_width":0,"ocean_custom_logo_mobile_max_width":0,"ocean_custom_logo_max_height":0,"ocean_custom_logo_tablet_max_height":0,"ocean_custom_logo_mobile_max_height":0,"ocean_header_custom_menu":"0","ocean_menu_typo_font_family":"0","ocean_menu_typo_font_subset":"","ocean_menu_typo_font_size":0,"ocean_menu_typo_font_size_tablet":0,"ocean_menu_typo_font_size_mobile":0,"ocean_menu_typo_font_size_unit":"px","ocean_menu_typo_font_weight":"","ocean_menu_typo_font_weight_tablet":"","ocean_menu_typo_font_weight_mobile":"","ocean_menu_typo_transform":"","ocean_menu_typo_transform_tablet":"","ocean_menu_typo_transform_mobile":"","ocean_menu_typo_line_height":0,"ocean_menu_typo_line_height_tablet":0,"ocean_menu_typo_line_height_mobile":0,"ocean_menu_typo_line_height_unit":"","ocean_menu_typo_spacing":0,"ocean_menu_typo_spacing_tablet":0,"ocean_menu_typo_spacing_mobile":0,"ocean_menu_typo_spacing_unit":"","ocean_menu_link_color":"","ocean_menu_link_color_hover":"","ocean_menu_link_color_active":"","ocean_menu_link_background":"","ocean_menu_link_hover_background":"","ocean_menu_link_active_background":"","ocean_menu_social_links_bg":"","ocean_menu_social_hover_links_bg":"","ocean_menu_social_links_color":"","ocean_menu_social_hover_links_color":"","ocean_disable_title":"default","ocean_disable_heading":"default","ocean_post_title":"","ocean_post_subheading":"","ocean_post_title_style":"","ocean_post_title_background_color":"","ocean_post_title_background":0,"ocean_post_title_bg_image_position":"","ocean_post_title_bg_image_attachment":"","ocean_post_title_bg_image_repeat":"","ocean_post_title_bg_image_size":"","ocean_post_title_height":0,"ocean_post_title_bg_overlay":0.5,"ocean_post_title_bg_overlay_color":"","ocean_disable_breadcrumbs":"default","ocean_breadcrumbs_color":"","ocean_breadcrumbs_separator_color":"","ocean_breadcrumbs_links_color":"","ocean_breadcrumbs_links_hover_color":"","ocean_display_footer_widgets":"default","ocean_display_footer_bottom":"default","ocean_custom_footer_template":"0","ocean_post_oembed":"","ocean_post_self_hosted_media":"","ocean_post_video_embed":"","ocean_link_format":"","ocean_link_format_target":"self","ocean_quote_format":"","ocean_quote_format_link":"post","ocean_gallery_link_images":"on","ocean_gallery_id":[],"footnotes":""},"categories":[37],"tags":[],"class_list":["post-6281","post","type-post","status-publish","format-standard","hentry","category-actualites-du-lycee","entry"],"_links":{"self":[{"href":"https:\/\/www.lyceecharlescoulomb.fr\/site\/index.php?rest_route=\/wp\/v2\/posts\/6281","targetHints":{"allow":["GET"]}}],"collection":[{"href":"https:\/\/www.lyceecharlescoulomb.fr\/site\/index.php?rest_route=\/wp\/v2\/posts"}],"about":[{"href":"https:\/\/www.lyceecharlescoulomb.fr\/site\/index.php?rest_route=\/wp\/v2\/types\/post"}],"author":[{"embeddable":true,"href":"https:\/\/www.lyceecharlescoulomb.fr\/site\/index.php?rest_route=\/wp\/v2\/users\/1"}],"replies":[{"embeddable":true,"href":"https:\/\/www.lyceecharlescoulomb.fr\/site\/index.php?rest_route=%2Fwp%2Fv2%2Fcomments&post=6281"}],"version-history":[{"count":1,"href":"https:\/\/www.lyceecharlescoulomb.fr\/site\/index.php?rest_route=\/wp\/v2\/posts\/6281\/revisions"}],"predecessor-version":[{"id":6282,"href":"https:\/\/www.lyceecharlescoulomb.fr\/site\/index.php?rest_route=\/wp\/v2\/posts\/6281\/revisions\/6282"}],"wp:attachment":[{"href":"https:\/\/www.lyceecharlescoulomb.fr\/site\/index.php?rest_route=%2Fwp%2Fv2%2Fmedia&parent=6281"}],"wp:term":[{"taxonomy":"category","embeddable":true,"href":"https:\/\/www.lyceecharlescoulomb.fr\/site\/index.php?rest_route=%2Fwp%2Fv2%2Fcategories&post=6281"},{"taxonomy":"post_tag","embeddable":true,"href":"https:\/\/www.lyceecharlescoulomb.fr\/site\/index.php?rest_route=%2Fwp%2Fv2%2Ftags&post=6281"}],"curies":[{"name":"wp","href":"https:\/\/api.w.org\/{rel}","templated":true}]}}